{"id":1,"date":"2023-03-23T12:28:41","date_gmt":"2023-03-23T12:28:41","guid":{"rendered":"http:\/\/revillarecordsmusicgroup.com\/?p=1"},"modified":"2023-04-08T01:01:50","modified_gmt":"2023-04-08T01:01:50","slug":"historia-de-la-cumbia-sonidera-vol-01","status":"publish","type":"post","link":"https:\/\/revillarecordsmusicgroup.com\/index.php\/2023\/03\/23\/historia-de-la-cumbia-sonidera-vol-01\/","title":{"rendered":"Historia de la Cumbia Sonidera"},"content":{"rendered":"\n<h2 class=\"wp-block-heading\">Historia de la Cumbia Sonidera en M\u00e9xico comienza en la d\u00e9cada de 1970, en los barrios populares de la Ciudad de M\u00e9xico.&nbsp;<\/h2>\n\n\n\n<p>Fue una respuesta a la m\u00fasica de moda en aquel entonces, como el rock y la m\u00fasica disco, y r\u00e1pidamente se convirti\u00f3 en un movimiento cultural y social en la ciudad.<\/p>\n\n\n\n<p>Los &#8220;<a href=\"https:\/\/www.youtube.com\/channel\/UCl3ar_MTbYmPi7ikZ4k0_2Q\" target=\"_blank\" rel=\"noreferrer noopener\">sonideros<\/a>&#8221; eran los DJs que pon\u00edan la m\u00fasica en las fiestas de los barrios populares, y se convirtieron en los principales difusores de la cumbia sonidera.<\/p>\n\n\n\n<p>El estilo musical se caracteriz\u00f3 por una mezcla de ritmos africanos, colombianos y mexicanos, con una gran presencia de instrumentos de percusi\u00f3n y de viento.<\/p>\n\n\n\n<h2 class=\"wp-block-heading\">En este contexto, Robin Revilla, fundador de Revilla Records, se convirti\u00f3 en uno de los principales precursores del movimiento sonidero.&nbsp;<\/h2>\n\n\n\n<p>En 1985, fund\u00f3 su sello discogr\u00e1fico en la ciudad de Puebla, y comenz\u00f3 a grabar las primeras cumbias sonideras en vinilo.&nbsp;<\/p>\n\n\n\n<p>Teniendo una caracter\u00edstica propias renovando la m\u00fasica de los sonidos en Mexico y el mundo.&nbsp;<\/p>\n\n\n\n<p>Esto permiti\u00f3 que las canciones fueran difundidas y escuchadas en todo el pa\u00eds, y en poco tiempo, <a href=\"http:\/\/revillarecordsmusicgroup.com\" target=\"_blank\" rel=\"noreferrer noopener\">Revilla Records<\/a> se convirti\u00f3 en uno de los sellos discogr\u00e1ficos m\u00e1s importantes del g\u00e9nero.<\/p>\n\n\n\n<iframe style=\"border: 0; width: 100%; height: 120px;\" src=\"https:\/\/bandcamp.com\/EmbeddedPlayer\/album=2188525047\/size=large\/bgcol=ffffff\/linkcol=0687f5\/tracklist=false\/artwork=small\/transparent=true\/\" seamless=\"\"><a href=\"https:\/\/revillarecordsmusicgroup.bandcamp.com\/album\/historia-de-la-cumbia-sonidera-vol-01\">Historia de la Cumbia Sonidera Vol 01 by Historia de la Cumbia Sonidera Vol 01, Revilla Records<\/a><\/iframe>\n\n\n\n<p>Revilla Records lanz\u00f3 al mercado a muchos de los artistas m\u00e1s influyentes del g\u00e9nero, como Grupo Kual, Yes Yes, Grupo So\u00f1ador, Los Papis RA7, Grupo Pesadilla, Los de Tepito, Grupo Baratos, Grupos Karos y Los Deakino, entre otros. <\/p>\n\n\n\n<p>La compa\u00f1\u00eda tambi\u00e9n logr\u00f3 expandir su alcance en Estados Unidos, donde Robin Revilla y su hermano Mois\u00e9s Revilla abrieron puertas para el g\u00e9nero y lograron un gran impacto en la audiencia hispana.<\/p>\n\n\n\n<p>En definitiva, <strong>la historia de la cumbia sonidera<\/strong> est\u00e1 \u00edntimamente ligada a la trayectoria de Revilla Records y su fundador Robin Revilla. <\/p>\n\n\n\n<p>Su trabajo y dedicaci\u00f3n permitieron que el g\u00e9nero se consolidara en M\u00e9xico y en otros pa\u00edses de Latinoam\u00e9rica, y su legado sigue vivo en la m\u00fasica y en la cultura popular de la regi\u00f3n.<\/p>\n\n\n\n<p><br><\/p>\n\n\n\n<p><\/p>\n","protected":false},"excerpt":{"rendered":"<p>La historia de Revilla Records en la industria de la m\u00fasica ha sido muy interesante y ha dejado una huella importante.<\/p>\n","protected":false},"author":1,"featured_media":192,"comment_status":"closed","ping_status":"closed","sticky":false,"template":"","format":"standard","meta":{"_monsterinsights_skip_tracking":false,"_monsterinsights_sitenote_active":false,"_monsterinsights_sitenote_note":"","_monsterinsights_sitenote_category":0,"footnotes":""},"categories":[1],"tags":[7,6,8,9,5,2,11,10],"yoast_head":"<!-- This site is optimized with the Yoast SEO plugin v22.2 - https:\/\/yoast.com\/wordpress\/plugins\/seo\/ -->\n<title>Historia de la Cumbia Sonidera - Revilla Records Music Group<\/title>\n<meta name=\"description\" content=\"Historia de la Cumbia Sonidera en M\u00e9xico comienza en la d\u00e9cada de 1970, en los barrios populares de la Ciudad de M\u00e9xico.\u00a0\" \/>\n<meta name=\"robots\" content=\"index, follow, max-snippet:-1, max-image-preview:large, max-video-preview:-1\" \/>\n<link rel=\"canonical\" href=\"https:\/\/revillarecordsmusicgroup.com\/index.php\/2023\/03\/23\/historia-de-la-cumbia-sonidera-vol-01\/\" \/>\n<meta property=\"og:locale\" content=\"en_US\" \/>\n<meta property=\"og:type\" content=\"article\" \/>\n<meta property=\"og:title\" content=\"Historia de la Cumbia Sonidera - Revilla Records Music Group\" \/>\n<meta property=\"og:description\" content=\"Historia de la Cumbia Sonidera en M\u00e9xico comienza en la d\u00e9cada de 1970, en los barrios populares de la Ciudad de M\u00e9xico.\u00a0\" \/>\n<meta property=\"og:url\" content=\"https:\/\/revillarecordsmusicgroup.com\/index.php\/2023\/03\/23\/historia-de-la-cumbia-sonidera-vol-01\/\" \/>\n<meta property=\"og:site_name\" content=\"Revilla Records Music Group\" \/>\n<meta property=\"article:published_time\" content=\"2023-03-23T12:28:41+00:00\" \/>\n<meta property=\"article:modified_time\" content=\"2023-04-08T01:01:50+00:00\" \/>\n<meta property=\"og:image\" content=\"http:\/\/revillarecordsmusicgroup.com\/wp-content\/uploads\/2023\/03\/HISTORIA-vol-01_ok.png\" \/>\n\t<meta property=\"og:image:width\" content=\"500\" \/>\n\t<meta property=\"og:image:height\" content=\"500\" \/>\n\t<meta property=\"og:image:type\" content=\"image\/png\" \/>\n<meta name=\"author\" content=\"robinrevilla@gmail.com\" \/>\n<meta name=\"twitter:card\" content=\"summary_large_image\" \/>\n<meta name=\"twitter:label1\" content=\"Written by\" \/>\n\t<meta name=\"twitter:data1\" content=\"robinrevilla@gmail.com\" \/>\n\t<meta name=\"twitter:label2\" content=\"Est. reading time\" \/>\n\t<meta name=\"twitter:data2\" content=\"2 minutes\" \/>\n<script type=\"application\/ld+json\" class=\"yoast-schema-graph\">{\"@context\":\"https:\/\/schema.org\",\"@graph\":[{\"@type\":\"Article\",\"@id\":\"https:\/\/revillarecordsmusicgroup.com\/index.php\/2023\/03\/23\/historia-de-la-cumbia-sonidera-vol-01\/#article\",\"isPartOf\":{\"@id\":\"https:\/\/revillarecordsmusicgroup.com\/index.php\/2023\/03\/23\/historia-de-la-cumbia-sonidera-vol-01\/\"},\"author\":{\"name\":\"robinrevilla@gmail.com\",\"@id\":\"https:\/\/revillarecordsmusicgroup.com\/#\/schema\/person\/6273fcdcef74bcf1ccb4c3290d9624ed\"},\"headline\":\"Historia de la Cumbia Sonidera\",\"datePublished\":\"2023-03-23T12:28:41+00:00\",\"dateModified\":\"2023-04-08T01:01:50+00:00\",\"mainEntityOfPage\":{\"@id\":\"https:\/\/revillarecordsmusicgroup.com\/index.php\/2023\/03\/23\/historia-de-la-cumbia-sonidera-vol-01\/\"},\"wordCount\":370,\"publisher\":{\"@id\":\"https:\/\/revillarecordsmusicgroup.com\/#organization\"},\"image\":{\"@id\":\"https:\/\/revillarecordsmusicgroup.com\/index.php\/2023\/03\/23\/historia-de-la-cumbia-sonidera-vol-01\/#primaryimage\"},\"thumbnailUrl\":\"https:\/\/revillarecordsmusicgroup.com\/wp-content\/uploads\/2023\/03\/HISTORIA-vol-01_ok.png\",\"keywords\":[\"cumbia\",\"cumbia sondira\",\"cumbias sonideras\",\"historia de la cumbia en mexico\",\"historia de la cumbia sonidera\",\"revilla records\",\"robin revilla\",\"sonideros en estados unidos\"],\"articleSection\":[\"lanzamientos\"],\"inLanguage\":\"en-US\"},{\"@type\":\"WebPage\",\"@id\":\"https:\/\/revillarecordsmusicgroup.com\/index.php\/2023\/03\/23\/historia-de-la-cumbia-sonidera-vol-01\/\",\"url\":\"https:\/\/revillarecordsmusicgroup.com\/index.php\/2023\/03\/23\/historia-de-la-cumbia-sonidera-vol-01\/\",\"name\":\"Historia de la Cumbia Sonidera - Revilla Records Music Group\",\"isPartOf\":{\"@id\":\"https:\/\/revillarecordsmusicgroup.com\/#website\"},\"primaryImageOfPage\":{\"@id\":\"https:\/\/revillarecordsmusicgroup.com\/index.php\/2023\/03\/23\/historia-de-la-cumbia-sonidera-vol-01\/#primaryimage\"},\"image\":{\"@id\":\"https:\/\/revillarecordsmusicgroup.com\/index.php\/2023\/03\/23\/historia-de-la-cumbia-sonidera-vol-01\/#primaryimage\"},\"thumbnailUrl\":\"https:\/\/revillarecordsmusicgroup.com\/wp-content\/uploads\/2023\/03\/HISTORIA-vol-01_ok.png\",\"datePublished\":\"2023-03-23T12:28:41+00:00\",\"dateModified\":\"2023-04-08T01:01:50+00:00\",\"description\":\"Historia de la Cumbia Sonidera en M\u00e9xico comienza en la d\u00e9cada de 1970, en los barrios populares de la Ciudad de M\u00e9xico.\u00a0\",\"breadcrumb\":{\"@id\":\"https:\/\/revillarecordsmusicgroup.com\/index.php\/2023\/03\/23\/historia-de-la-cumbia-sonidera-vol-01\/#breadcrumb\"},\"inLanguage\":\"en-US\",\"potentialAction\":[{\"@type\":\"ReadAction\",\"target\":[\"https:\/\/revillarecordsmusicgroup.com\/index.php\/2023\/03\/23\/historia-de-la-cumbia-sonidera-vol-01\/\"]}]},{\"@type\":\"ImageObject\",\"inLanguage\":\"en-US\",\"@id\":\"https:\/\/revillarecordsmusicgroup.com\/index.php\/2023\/03\/23\/historia-de-la-cumbia-sonidera-vol-01\/#primaryimage\",\"url\":\"https:\/\/revillarecordsmusicgroup.com\/wp-content\/uploads\/2023\/03\/HISTORIA-vol-01_ok.png\",\"contentUrl\":\"https:\/\/revillarecordsmusicgroup.com\/wp-content\/uploads\/2023\/03\/HISTORIA-vol-01_ok.png\",\"width\":500,\"height\":500},{\"@type\":\"BreadcrumbList\",\"@id\":\"https:\/\/revillarecordsmusicgroup.com\/index.php\/2023\/03\/23\/historia-de-la-cumbia-sonidera-vol-01\/#breadcrumb\",\"itemListElement\":[{\"@type\":\"ListItem\",\"position\":1,\"name\":\"Portada\",\"item\":\"https:\/\/revillarecordsmusicgroup.com\/\"},{\"@type\":\"ListItem\",\"position\":2,\"name\":\"Historia de la Cumbia Sonidera\"}]},{\"@type\":\"WebSite\",\"@id\":\"https:\/\/revillarecordsmusicgroup.com\/#website\",\"url\":\"https:\/\/revillarecordsmusicgroup.com\/\",\"name\":\"Revilla Records Music Group\",\"description\":\"Haciendo Cumbia desde 1985\",\"publisher\":{\"@id\":\"https:\/\/revillarecordsmusicgroup.com\/#organization\"},\"potentialAction\":[{\"@type\":\"SearchAction\",\"target\":{\"@type\":\"EntryPoint\",\"urlTemplate\":\"https:\/\/revillarecordsmusicgroup.com\/?s={search_term_string}\"},\"query-input\":\"required name=search_term_string\"}],\"inLanguage\":\"en-US\"},{\"@type\":\"Organization\",\"@id\":\"https:\/\/revillarecordsmusicgroup.com\/#organization\",\"name\":\"Revilla Records Music Group\",\"url\":\"https:\/\/revillarecordsmusicgroup.com\/\",\"logo\":{\"@type\":\"ImageObject\",\"inLanguage\":\"en-US\",\"@id\":\"https:\/\/revillarecordsmusicgroup.com\/#\/schema\/logo\/image\/\",\"url\":\"https:\/\/revillarecordsmusicgroup.com\/wp-content\/uploads\/2023\/03\/cropped-2-1.png\",\"contentUrl\":\"https:\/\/revillarecordsmusicgroup.com\/wp-content\/uploads\/2023\/03\/cropped-2-1.png\",\"width\":500,\"height\":500,\"caption\":\"Revilla Records Music Group\"},\"image\":{\"@id\":\"https:\/\/revillarecordsmusicgroup.com\/#\/schema\/logo\/image\/\"}},{\"@type\":\"Person\",\"@id\":\"https:\/\/revillarecordsmusicgroup.com\/#\/schema\/person\/6273fcdcef74bcf1ccb4c3290d9624ed\",\"name\":\"robinrevilla@gmail.com\",\"image\":{\"@type\":\"ImageObject\",\"inLanguage\":\"en-US\",\"@id\":\"https:\/\/revillarecordsmusicgroup.com\/#\/schema\/person\/image\/\",\"url\":\"https:\/\/secure.gravatar.com\/avatar\/410f7f29226a8f82f9f35ffab7736422?s=96&d=mm&r=g\",\"contentUrl\":\"https:\/\/secure.gravatar.com\/avatar\/410f7f29226a8f82f9f35ffab7736422?s=96&d=mm&r=g\",\"caption\":\"robinrevilla@gmail.com\"},\"sameAs\":[\"http:\/\/revillarecordsmusicgroup.com\"],\"url\":\"https:\/\/revillarecordsmusicgroup.com\/index.php\/author\/robinrevillagmail-com\/\"}]}<\/script>\n<!-- \/ Yoast SEO plugin. -->","yoast_head_json":{"title":"Historia de la Cumbia Sonidera - Revilla Records Music Group","description":"Historia de la Cumbia Sonidera en M\u00e9xico comienza en la d\u00e9cada de 1970, en los barrios populares de la Ciudad de M\u00e9xico.\u00a0","robots":{"index":"index","follow":"follow","max-snippet":"max-snippet:-1","max-image-preview":"max-image-preview:large","max-video-preview":"max-video-preview:-1"},"canonical":"https:\/\/revillarecordsmusicgroup.com\/index.php\/2023\/03\/23\/historia-de-la-cumbia-sonidera-vol-01\/","og_locale":"en_US","og_type":"article","og_title":"Historia de la Cumbia Sonidera - Revilla Records Music Group","og_description":"Historia de la Cumbia Sonidera en M\u00e9xico comienza en la d\u00e9cada de 1970, en los barrios populares de la Ciudad de M\u00e9xico.\u00a0","og_url":"https:\/\/revillarecordsmusicgroup.com\/index.php\/2023\/03\/23\/historia-de-la-cumbia-sonidera-vol-01\/","og_site_name":"Revilla Records Music Group","article_published_time":"2023-03-23T12:28:41+00:00","article_modified_time":"2023-04-08T01:01:50+00:00","og_image":[{"width":500,"height":500,"url":"http:\/\/revillarecordsmusicgroup.com\/wp-content\/uploads\/2023\/03\/HISTORIA-vol-01_ok.png","type":"image\/png"}],"author":"robinrevilla@gmail.com","twitter_card":"summary_large_image","twitter_misc":{"Written by":"robinrevilla@gmail.com","Est. reading time":"2 minutes"},"schema":{"@context":"https:\/\/schema.org","@graph":[{"@type":"Article","@id":"https:\/\/revillarecordsmusicgroup.com\/index.php\/2023\/03\/23\/historia-de-la-cumbia-sonidera-vol-01\/#article","isPartOf":{"@id":"https:\/\/revillarecordsmusicgroup.com\/index.php\/2023\/03\/23\/historia-de-la-cumbia-sonidera-vol-01\/"},"author":{"name":"robinrevilla@gmail.com","@id":"https:\/\/revillarecordsmusicgroup.com\/#\/schema\/person\/6273fcdcef74bcf1ccb4c3290d9624ed"},"headline":"Historia de la Cumbia Sonidera","datePublished":"2023-03-23T12:28:41+00:00","dateModified":"2023-04-08T01:01:50+00:00","mainEntityOfPage":{"@id":"https:\/\/revillarecordsmusicgroup.com\/index.php\/2023\/03\/23\/historia-de-la-cumbia-sonidera-vol-01\/"},"wordCount":370,"publisher":{"@id":"https:\/\/revillarecordsmusicgroup.com\/#organization"},"image":{"@id":"https:\/\/revillarecordsmusicgroup.com\/index.php\/2023\/03\/23\/historia-de-la-cumbia-sonidera-vol-01\/#primaryimage"},"thumbnailUrl":"https:\/\/revillarecordsmusicgroup.com\/wp-content\/uploads\/2023\/03\/HISTORIA-vol-01_ok.png","keywords":["cumbia","cumbia sondira","cumbias sonideras","historia de la cumbia en mexico","historia de la cumbia sonidera","revilla records","robin revilla","sonideros en estados unidos"],"articleSection":["lanzamientos"],"inLanguage":"en-US"},{"@type":"WebPage","@id":"https:\/\/revillarecordsmusicgroup.com\/index.php\/2023\/03\/23\/historia-de-la-cumbia-sonidera-vol-01\/","url":"https:\/\/revillarecordsmusicgroup.com\/index.php\/2023\/03\/23\/historia-de-la-cumbia-sonidera-vol-01\/","name":"Historia de la Cumbia Sonidera - Revilla Records Music Group","isPartOf":{"@id":"https:\/\/revillarecordsmusicgroup.com\/#website"},"primaryImageOfPage":{"@id":"https:\/\/revillarecordsmusicgroup.com\/index.php\/2023\/03\/23\/historia-de-la-cumbia-sonidera-vol-01\/#primaryimage"},"image":{"@id":"https:\/\/revillarecordsmusicgroup.com\/index.php\/2023\/03\/23\/historia-de-la-cumbia-sonidera-vol-01\/#primaryimage"},"thumbnailUrl":"https:\/\/revillarecordsmusicgroup.com\/wp-content\/uploads\/2023\/03\/HISTORIA-vol-01_ok.png","datePublished":"2023-03-23T12:28:41+00:00","dateModified":"2023-04-08T01:01:50+00:00","description":"Historia de la Cumbia Sonidera en M\u00e9xico comienza en la d\u00e9cada de 1970, en los barrios populares de la Ciudad de M\u00e9xico.\u00a0","breadcrumb":{"@id":"https:\/\/revillarecordsmusicgroup.com\/index.php\/2023\/03\/23\/historia-de-la-cumbia-sonidera-vol-01\/#breadcrumb"},"inLanguage":"en-US","potentialAction":[{"@type":"ReadAction","target":["https:\/\/revillarecordsmusicgroup.com\/index.php\/2023\/03\/23\/historia-de-la-cumbia-sonidera-vol-01\/"]}]},{"@type":"ImageObject","inLanguage":"en-US","@id":"https:\/\/revillarecordsmusicgroup.com\/index.php\/2023\/03\/23\/historia-de-la-cumbia-sonidera-vol-01\/#primaryimage","url":"https:\/\/revillarecordsmusicgroup.com\/wp-content\/uploads\/2023\/03\/HISTORIA-vol-01_ok.png","contentUrl":"https:\/\/revillarecordsmusicgroup.com\/wp-content\/uploads\/2023\/03\/HISTORIA-vol-01_ok.png","width":500,"height":500},{"@type":"BreadcrumbList","@id":"https:\/\/revillarecordsmusicgroup.com\/index.php\/2023\/03\/23\/historia-de-la-cumbia-sonidera-vol-01\/#breadcrumb","itemListElement":[{"@type":"ListItem","position":1,"name":"Portada","item":"https:\/\/revillarecordsmusicgroup.com\/"},{"@type":"ListItem","position":2,"name":"Historia de la Cumbia Sonidera"}]},{"@type":"WebSite","@id":"https:\/\/revillarecordsmusicgroup.com\/#website","url":"https:\/\/revillarecordsmusicgroup.com\/","name":"Revilla Records Music Group","description":"Haciendo Cumbia desde 1985","publisher":{"@id":"https:\/\/revillarecordsmusicgroup.com\/#organization"},"potentialAction":[{"@type":"SearchAction","target":{"@type":"EntryPoint","urlTemplate":"https:\/\/revillarecordsmusicgroup.com\/?s={search_term_string}"},"query-input":"required name=search_term_string"}],"inLanguage":"en-US"},{"@type":"Organization","@id":"https:\/\/revillarecordsmusicgroup.com\/#organization","name":"Revilla Records Music Group","url":"https:\/\/revillarecordsmusicgroup.com\/","logo":{"@type":"ImageObject","inLanguage":"en-US","@id":"https:\/\/revillarecordsmusicgroup.com\/#\/schema\/logo\/image\/","url":"https:\/\/revillarecordsmusicgroup.com\/wp-content\/uploads\/2023\/03\/cropped-2-1.png","contentUrl":"https:\/\/revillarecordsmusicgroup.com\/wp-content\/uploads\/2023\/03\/cropped-2-1.png","width":500,"height":500,"caption":"Revilla Records Music Group"},"image":{"@id":"https:\/\/revillarecordsmusicgroup.com\/#\/schema\/logo\/image\/"}},{"@type":"Person","@id":"https:\/\/revillarecordsmusicgroup.com\/#\/schema\/person\/6273fcdcef74bcf1ccb4c3290d9624ed","name":"robinrevilla@gmail.com","image":{"@type":"ImageObject","inLanguage":"en-US","@id":"https:\/\/revillarecordsmusicgroup.com\/#\/schema\/person\/image\/","url":"https:\/\/secure.gravatar.com\/avatar\/410f7f29226a8f82f9f35ffab7736422?s=96&d=mm&r=g","contentUrl":"https:\/\/secure.gravatar.com\/avatar\/410f7f29226a8f82f9f35ffab7736422?s=96&d=mm&r=g","caption":"robinrevilla@gmail.com"},"sameAs":["http:\/\/revillarecordsmusicgroup.com"],"url":"https:\/\/revillarecordsmusicgroup.com\/index.php\/author\/robinrevillagmail-com\/"}]}},"_links":{"self":[{"href":"https:\/\/revillarecordsmusicgroup.com\/index.php\/wp-json\/wp\/v2\/posts\/1"}],"collection":[{"href":"https:\/\/revillarecordsmusicgroup.com\/index.php\/wp-json\/wp\/v2\/posts"}],"about":[{"href":"https:\/\/revillarecordsmusicgroup.com\/index.php\/wp-json\/wp\/v2\/types\/post"}],"author":[{"embeddable":true,"href":"https:\/\/revillarecordsmusicgroup.com\/index.php\/wp-json\/wp\/v2\/users\/1"}],"replies":[{"embeddable":true,"href":"https:\/\/revillarecordsmusicgroup.com\/index.php\/wp-json\/wp\/v2\/comments?post=1"}],"version-history":[{"count":8,"href":"https:\/\/revillarecordsmusicgroup.com\/index.php\/wp-json\/wp\/v2\/posts\/1\/revisions"}],"predecessor-version":[{"id":312,"href":"https:\/\/revillarecordsmusicgroup.com\/index.php\/wp-json\/wp\/v2\/posts\/1\/revisions\/312"}],"wp:featuredmedia":[{"embeddable":true,"href":"https:\/\/revillarecordsmusicgroup.com\/index.php\/wp-json\/wp\/v2\/media\/192"}],"wp:attachment":[{"href":"https:\/\/revillarecordsmusicgroup.com\/index.php\/wp-json\/wp\/v2\/media?parent=1"}],"wp:term":[{"taxonomy":"category","embeddable":true,"href":"https:\/\/revillarecordsmusicgroup.com\/index.php\/wp-json\/wp\/v2\/categories?post=1"},{"taxonomy":"post_tag","embeddable":true,"href":"https:\/\/revillarecordsmusicgroup.com\/index.php\/wp-json\/wp\/v2\/tags?post=1"}],"curies":[{"name":"wp","href":"https:\/\/api.w.org\/{rel}","templated":true}]}}