{"id":220,"date":"2023-03-24T03:08:31","date_gmt":"2023-03-24T03:08:31","guid":{"rendered":"https:\/\/revillarecordsmusicgroup.com\/?p=220"},"modified":"2023-03-24T03:43:04","modified_gmt":"2023-03-24T03:43:04","slug":"historia-de-la-cumbia-sonidera-vol-2","status":"publish","type":"post","link":"https:\/\/revillarecordsmusicgroup.com\/index.php\/2023\/03\/24\/historia-de-la-cumbia-sonidera-vol-2\/","title":{"rendered":"Historia de la Cumbia Sonidera Vol 2"},"content":{"rendered":"\n<h2 class=\"wp-block-heading\">El surgimiento de la cumbia sonidera en M\u00e9xico<\/h2>\n\n\n\n<p>Historia de la Cumbia Sonidera vol 2, la cumbia sonidera es un g\u00e9nero musical que se origin\u00f3 en M\u00e9xico en la d\u00e9cada de 1970. <\/p>\n\n\n\n<p>Fue creado por los DJs sonideros, quienes mezclaban m\u00fasica tropical con instrumentos electr\u00f3nicos y efectos de sonido para crear un sonido \u00fanico y caracter\u00edstico. La m\u00fasica era popular en las zonas urbanas de M\u00e9xico y se convirti\u00f3 r\u00e1pidamente en un movimiento cultural y social en la ciudad.<\/p>\n\n\n\n<h2 class=\"wp-block-heading\">Robin Revilla y Revilla Records: precursores del movimiento sonidero<\/h2>\n\n\n\n<p>La historia de la cumbia sonidera no estar\u00eda completa sin mencionar la contribuci\u00f3n de <a href=\"http:\/\/revillarecordsmusicgroup.com\" target=\"_blank\" rel=\"noreferrer noopener\">Revilla Records<\/a> y Robin Revilla. En 1985, la compa\u00f1\u00eda fue fundada en la ciudad de Puebla como un sello discogr\u00e1fico especializado en cumbias sonideras. Desde entonces, la compa\u00f1\u00eda ha lanzado al mercado a muchos de los artistas m\u00e1s influyentes del g\u00e9nero.<\/p>\n\n\n\n<p>Gracias al trabajo y dedicaci\u00f3n de Robin Revilla, Revilla Records se convirti\u00f3 en uno de los sellos discogr\u00e1ficos m\u00e1s importantes del g\u00e9nero y logr\u00f3 expandir su alcance en Estados Unidos, donde los hermanos Revilla abrieron puertas para el g\u00e9nero y lograron un gran impacto en la audiencia hispana.<\/p>\n\n\n\n<h2 class=\"wp-block-heading\">La evoluci\u00f3n de la cumbia sonidera y el papel de Revilla Records<\/h2>\n\n\n\n<p>Con el tiempo, la cumbia evolucion\u00f3 para incluir nuevos sonidos y ritmos. En los a\u00f1os 90, se incorporaron nuevos elementos como el hip hop y el reggae, y la m\u00fasica se hizo m\u00e1s electr\u00f3nica. <\/p>\n\n\n\n<p>En este contexto, Revilla Records continu\u00f3 siendo un referente en la industria, lanzando al mercado a nuevos artistas y adapt\u00e1ndose a las tendencias del momento.<\/p>\n\n\n\n<p>Hoy en d\u00eda, la cumbia contin\u00faa evolucionando y Revilla Records sigue siendo un referente en la industria. <\/p>\n\n\n\n<p>El lanzamiento de &#8220;Historia de la Cumbia Sonidera vol 2&#8221; es una compilaci\u00f3n de grandes \u00e9xitos populares de importancia en la cultura mexicana y latina.<\/p>\n\n\n\n<h2 class=\"wp-block-heading\">La importancia de la m\u00fasica <\/h2>\n\n\n\n<p>La m\u00fasica de &#8220;Historia de la Cumbia Sonidera vol 2&#8221; te transportar\u00e1 a los or\u00edgenes y evoluci\u00f3n de este g\u00e9nero musical \u00fanico e ic\u00f3nico. Con una selecci\u00f3n de canciones de algunos de los artistas m\u00e1s influyentes del g\u00e9nero, como Grupo Kual, Yes Yes, Grupo So\u00f1ador, <a href=\"https:\/\/www.youtube.com\/watch?v=RHboZRVyE4k\" target=\"_blank\" rel=\"noreferrer noopener\">Los Papis RA7<\/a>, Grupo Pesadilla, Los de Tepito, Grupo Baratos, Grupos Karos y Los Deakino, entre otros, esta compilaci\u00f3n es una excelente manera de sumergirse en la historia y la evoluci\u00f3n de la cumbia sonidera.<\/p>\n\n\n\n<h2 class=\"wp-block-heading\">Descubre m\u00e1s sobre la cumbia sonidera y Revilla Records<\/h2>\n\n\n\n<p>Si est\u00e1s interesado en descubrir m\u00e1s sobre la historia de la cumbia en M\u00e9xico y su relaci\u00f3n con Revilla Records y Robin Revilla, no dudes en visitar su sitio web y explorar su amplio cat\u00e1logo de artistas y canciones.<\/p>\n","protected":false},"excerpt":{"rendered":"<p>Historia de la Cumbia Sonidera vol 2, la cumbia sonidera es un g\u00e9nero musical que se origin\u00f3 en M\u00e9xico en la d\u00e9cada de 1970. <\/p>\n","protected":false},"author":1,"featured_media":193,"comment_status":"closed","ping_status":"closed","sticky":false,"template":"","format":"standard","meta":{"_monsterinsights_skip_tracking":false,"_monsterinsights_sitenote_active":false,"_monsterinsights_sitenote_note":"","_monsterinsights_sitenote_category":0,"footnotes":""},"categories":[1],"tags":[7,6,8,9,5,2,11,10],"yoast_head":"<!-- This site is optimized with the Yoast SEO plugin v22.2 - https:\/\/yoast.com\/wordpress\/plugins\/seo\/ -->\n<title>Historia de la Cumbia Sonidera Vol 2 - Revilla Records Music Group<\/title>\n<meta name=\"description\" content=\"La cumbia sonidera es un g\u00e9nero musical que se origin\u00f3 en M\u00e9xico en la d\u00e9cada de 1970. Fue creado por los DJs sonideros,\" \/>\n<meta name=\"robots\" content=\"index, follow, max-snippet:-1, max-image-preview:large, max-video-preview:-1\" \/>\n<link rel=\"canonical\" href=\"https:\/\/revillarecordsmusicgroup.com\/index.php\/2023\/03\/24\/historia-de-la-cumbia-sonidera-vol-2\/\" \/>\n<meta property=\"og:locale\" content=\"en_US\" \/>\n<meta property=\"og:type\" content=\"article\" \/>\n<meta property=\"og:title\" content=\"Historia de la Cumbia Sonidera Vol 2 - Revilla Records Music Group\" \/>\n<meta property=\"og:description\" content=\"La cumbia sonidera es un g\u00e9nero musical que se origin\u00f3 en M\u00e9xico en la d\u00e9cada de 1970. Fue creado por los DJs sonideros,\" \/>\n<meta property=\"og:url\" content=\"https:\/\/revillarecordsmusicgroup.com\/index.php\/2023\/03\/24\/historia-de-la-cumbia-sonidera-vol-2\/\" \/>\n<meta property=\"og:site_name\" content=\"Revilla Records Music Group\" \/>\n<meta property=\"article:published_time\" content=\"2023-03-24T03:08:31+00:00\" \/>\n<meta property=\"article:modified_time\" content=\"2023-03-24T03:43:04+00:00\" \/>\n<meta property=\"og:image\" content=\"http:\/\/revillarecordsmusicgroup.com\/wp-content\/uploads\/2023\/03\/HISTORIA-vol-02_ok.png\" \/>\n\t<meta property=\"og:image:width\" content=\"500\" \/>\n\t<meta property=\"og:image:height\" content=\"500\" \/>\n\t<meta property=\"og:image:type\" content=\"image\/png\" \/>\n<meta name=\"author\" content=\"robinrevilla@gmail.com\" \/>\n<meta name=\"twitter:card\" content=\"summary_large_image\" \/>\n<meta name=\"twitter:label1\" content=\"Written by\" \/>\n\t<meta name=\"twitter:data1\" content=\"robinrevilla@gmail.com\" \/>\n\t<meta name=\"twitter:label2\" content=\"Est. reading time\" \/>\n\t<meta name=\"twitter:data2\" content=\"3 minutes\" \/>\n<script type=\"application\/ld+json\" class=\"yoast-schema-graph\">{\"@context\":\"https:\/\/schema.org\",\"@graph\":[{\"@type\":\"Article\",\"@id\":\"https:\/\/revillarecordsmusicgroup.com\/index.php\/2023\/03\/24\/historia-de-la-cumbia-sonidera-vol-2\/#article\",\"isPartOf\":{\"@id\":\"https:\/\/revillarecordsmusicgroup.com\/index.php\/2023\/03\/24\/historia-de-la-cumbia-sonidera-vol-2\/\"},\"author\":{\"name\":\"robinrevilla@gmail.com\",\"@id\":\"https:\/\/revillarecordsmusicgroup.com\/#\/schema\/person\/6273fcdcef74bcf1ccb4c3290d9624ed\"},\"headline\":\"Historia de la Cumbia Sonidera Vol 2\",\"datePublished\":\"2023-03-24T03:08:31+00:00\",\"dateModified\":\"2023-03-24T03:43:04+00:00\",\"mainEntityOfPage\":{\"@id\":\"https:\/\/revillarecordsmusicgroup.com\/index.php\/2023\/03\/24\/historia-de-la-cumbia-sonidera-vol-2\/\"},\"wordCount\":486,\"publisher\":{\"@id\":\"https:\/\/revillarecordsmusicgroup.com\/#organization\"},\"image\":{\"@id\":\"https:\/\/revillarecordsmusicgroup.com\/index.php\/2023\/03\/24\/historia-de-la-cumbia-sonidera-vol-2\/#primaryimage\"},\"thumbnailUrl\":\"https:\/\/revillarecordsmusicgroup.com\/wp-content\/uploads\/2023\/03\/HISTORIA-vol-02_ok.png\",\"keywords\":[\"cumbia\",\"cumbia sondira\",\"cumbias sonideras\",\"historia de la cumbia en mexico\",\"historia de la cumbia sonidera\",\"revilla records\",\"robin revilla\",\"sonideros en estados unidos\"],\"articleSection\":[\"lanzamientos\"],\"inLanguage\":\"en-US\"},{\"@type\":\"WebPage\",\"@id\":\"https:\/\/revillarecordsmusicgroup.com\/index.php\/2023\/03\/24\/historia-de-la-cumbia-sonidera-vol-2\/\",\"url\":\"https:\/\/revillarecordsmusicgroup.com\/index.php\/2023\/03\/24\/historia-de-la-cumbia-sonidera-vol-2\/\",\"name\":\"Historia de la Cumbia Sonidera Vol 2 - Revilla Records Music Group\",\"isPartOf\":{\"@id\":\"https:\/\/revillarecordsmusicgroup.com\/#website\"},\"primaryImageOfPage\":{\"@id\":\"https:\/\/revillarecordsmusicgroup.com\/index.php\/2023\/03\/24\/historia-de-la-cumbia-sonidera-vol-2\/#primaryimage\"},\"image\":{\"@id\":\"https:\/\/revillarecordsmusicgroup.com\/index.php\/2023\/03\/24\/historia-de-la-cumbia-sonidera-vol-2\/#primaryimage\"},\"thumbnailUrl\":\"https:\/\/revillarecordsmusicgroup.com\/wp-content\/uploads\/2023\/03\/HISTORIA-vol-02_ok.png\",\"datePublished\":\"2023-03-24T03:08:31+00:00\",\"dateModified\":\"2023-03-24T03:43:04+00:00\",\"description\":\"La cumbia sonidera es un g\u00e9nero musical que se origin\u00f3 en M\u00e9xico en la d\u00e9cada de 1970. Fue creado por los DJs sonideros,\",\"breadcrumb\":{\"@id\":\"https:\/\/revillarecordsmusicgroup.com\/index.php\/2023\/03\/24\/historia-de-la-cumbia-sonidera-vol-2\/#breadcrumb\"},\"inLanguage\":\"en-US\",\"potentialAction\":[{\"@type\":\"ReadAction\",\"target\":[\"https:\/\/revillarecordsmusicgroup.com\/index.php\/2023\/03\/24\/historia-de-la-cumbia-sonidera-vol-2\/\"]}]},{\"@type\":\"ImageObject\",\"inLanguage\":\"en-US\",\"@id\":\"https:\/\/revillarecordsmusicgroup.com\/index.php\/2023\/03\/24\/historia-de-la-cumbia-sonidera-vol-2\/#primaryimage\",\"url\":\"https:\/\/revillarecordsmusicgroup.com\/wp-content\/uploads\/2023\/03\/HISTORIA-vol-02_ok.png\",\"contentUrl\":\"https:\/\/revillarecordsmusicgroup.com\/wp-content\/uploads\/2023\/03\/HISTORIA-vol-02_ok.png\",\"width\":500,\"height\":500},{\"@type\":\"BreadcrumbList\",\"@id\":\"https:\/\/revillarecordsmusicgroup.com\/index.php\/2023\/03\/24\/historia-de-la-cumbia-sonidera-vol-2\/#breadcrumb\",\"itemListElement\":[{\"@type\":\"ListItem\",\"position\":1,\"name\":\"Portada\",\"item\":\"https:\/\/revillarecordsmusicgroup.com\/\"},{\"@type\":\"ListItem\",\"position\":2,\"name\":\"Historia de la Cumbia Sonidera Vol 2\"}]},{\"@type\":\"WebSite\",\"@id\":\"https:\/\/revillarecordsmusicgroup.com\/#website\",\"url\":\"https:\/\/revillarecordsmusicgroup.com\/\",\"name\":\"Revilla Records Music Group\",\"description\":\"Haciendo Cumbia desde 1985\",\"publisher\":{\"@id\":\"https:\/\/revillarecordsmusicgroup.com\/#organization\"},\"potentialAction\":[{\"@type\":\"SearchAction\",\"target\":{\"@type\":\"EntryPoint\",\"urlTemplate\":\"https:\/\/revillarecordsmusicgroup.com\/?s={search_term_string}\"},\"query-input\":\"required name=search_term_string\"}],\"inLanguage\":\"en-US\"},{\"@type\":\"Organization\",\"@id\":\"https:\/\/revillarecordsmusicgroup.com\/#organization\",\"name\":\"Revilla Records Music Group\",\"url\":\"https:\/\/revillarecordsmusicgroup.com\/\",\"logo\":{\"@type\":\"ImageObject\",\"inLanguage\":\"en-US\",\"@id\":\"https:\/\/revillarecordsmusicgroup.com\/#\/schema\/logo\/image\/\",\"url\":\"https:\/\/revillarecordsmusicgroup.com\/wp-content\/uploads\/2023\/03\/cropped-2-1.png\",\"contentUrl\":\"https:\/\/revillarecordsmusicgroup.com\/wp-content\/uploads\/2023\/03\/cropped-2-1.png\",\"width\":500,\"height\":500,\"caption\":\"Revilla Records Music Group\"},\"image\":{\"@id\":\"https:\/\/revillarecordsmusicgroup.com\/#\/schema\/logo\/image\/\"}},{\"@type\":\"Person\",\"@id\":\"https:\/\/revillarecordsmusicgroup.com\/#\/schema\/person\/6273fcdcef74bcf1ccb4c3290d9624ed\",\"name\":\"robinrevilla@gmail.com\",\"image\":{\"@type\":\"ImageObject\",\"inLanguage\":\"en-US\",\"@id\":\"https:\/\/revillarecordsmusicgroup.com\/#\/schema\/person\/image\/\",\"url\":\"https:\/\/secure.gravatar.com\/avatar\/410f7f29226a8f82f9f35ffab7736422?s=96&d=mm&r=g\",\"contentUrl\":\"https:\/\/secure.gravatar.com\/avatar\/410f7f29226a8f82f9f35ffab7736422?s=96&d=mm&r=g\",\"caption\":\"robinrevilla@gmail.com\"},\"sameAs\":[\"http:\/\/revillarecordsmusicgroup.com\"],\"url\":\"https:\/\/revillarecordsmusicgroup.com\/index.php\/author\/robinrevillagmail-com\/\"}]}<\/script>\n<!-- \/ Yoast SEO plugin. -->","yoast_head_json":{"title":"Historia de la Cumbia Sonidera Vol 2 - Revilla Records Music Group","description":"La cumbia sonidera es un g\u00e9nero musical que se origin\u00f3 en M\u00e9xico en la d\u00e9cada de 1970. Fue creado por los DJs sonideros,","robots":{"index":"index","follow":"follow","max-snippet":"max-snippet:-1","max-image-preview":"max-image-preview:large","max-video-preview":"max-video-preview:-1"},"canonical":"https:\/\/revillarecordsmusicgroup.com\/index.php\/2023\/03\/24\/historia-de-la-cumbia-sonidera-vol-2\/","og_locale":"en_US","og_type":"article","og_title":"Historia de la Cumbia Sonidera Vol 2 - Revilla Records Music Group","og_description":"La cumbia sonidera es un g\u00e9nero musical que se origin\u00f3 en M\u00e9xico en la d\u00e9cada de 1970. Fue creado por los DJs sonideros,","og_url":"https:\/\/revillarecordsmusicgroup.com\/index.php\/2023\/03\/24\/historia-de-la-cumbia-sonidera-vol-2\/","og_site_name":"Revilla Records Music Group","article_published_time":"2023-03-24T03:08:31+00:00","article_modified_time":"2023-03-24T03:43:04+00:00","og_image":[{"width":500,"height":500,"url":"http:\/\/revillarecordsmusicgroup.com\/wp-content\/uploads\/2023\/03\/HISTORIA-vol-02_ok.png","type":"image\/png"}],"author":"robinrevilla@gmail.com","twitter_card":"summary_large_image","twitter_misc":{"Written by":"robinrevilla@gmail.com","Est. reading time":"3 minutes"},"schema":{"@context":"https:\/\/schema.org","@graph":[{"@type":"Article","@id":"https:\/\/revillarecordsmusicgroup.com\/index.php\/2023\/03\/24\/historia-de-la-cumbia-sonidera-vol-2\/#article","isPartOf":{"@id":"https:\/\/revillarecordsmusicgroup.com\/index.php\/2023\/03\/24\/historia-de-la-cumbia-sonidera-vol-2\/"},"author":{"name":"robinrevilla@gmail.com","@id":"https:\/\/revillarecordsmusicgroup.com\/#\/schema\/person\/6273fcdcef74bcf1ccb4c3290d9624ed"},"headline":"Historia de la Cumbia Sonidera Vol 2","datePublished":"2023-03-24T03:08:31+00:00","dateModified":"2023-03-24T03:43:04+00:00","mainEntityOfPage":{"@id":"https:\/\/revillarecordsmusicgroup.com\/index.php\/2023\/03\/24\/historia-de-la-cumbia-sonidera-vol-2\/"},"wordCount":486,"publisher":{"@id":"https:\/\/revillarecordsmusicgroup.com\/#organization"},"image":{"@id":"https:\/\/revillarecordsmusicgroup.com\/index.php\/2023\/03\/24\/historia-de-la-cumbia-sonidera-vol-2\/#primaryimage"},"thumbnailUrl":"https:\/\/revillarecordsmusicgroup.com\/wp-content\/uploads\/2023\/03\/HISTORIA-vol-02_ok.png","keywords":["cumbia","cumbia sondira","cumbias sonideras","historia de la cumbia en mexico","historia de la cumbia sonidera","revilla records","robin revilla","sonideros en estados unidos"],"articleSection":["lanzamientos"],"inLanguage":"en-US"},{"@type":"WebPage","@id":"https:\/\/revillarecordsmusicgroup.com\/index.php\/2023\/03\/24\/historia-de-la-cumbia-sonidera-vol-2\/","url":"https:\/\/revillarecordsmusicgroup.com\/index.php\/2023\/03\/24\/historia-de-la-cumbia-sonidera-vol-2\/","name":"Historia de la Cumbia Sonidera Vol 2 - Revilla Records Music Group","isPartOf":{"@id":"https:\/\/revillarecordsmusicgroup.com\/#website"},"primaryImageOfPage":{"@id":"https:\/\/revillarecordsmusicgroup.com\/index.php\/2023\/03\/24\/historia-de-la-cumbia-sonidera-vol-2\/#primaryimage"},"image":{"@id":"https:\/\/revillarecordsmusicgroup.com\/index.php\/2023\/03\/24\/historia-de-la-cumbia-sonidera-vol-2\/#primaryimage"},"thumbnailUrl":"https:\/\/revillarecordsmusicgroup.com\/wp-content\/uploads\/2023\/03\/HISTORIA-vol-02_ok.png","datePublished":"2023-03-24T03:08:31+00:00","dateModified":"2023-03-24T03:43:04+00:00","description":"La cumbia sonidera es un g\u00e9nero musical que se origin\u00f3 en M\u00e9xico en la d\u00e9cada de 1970. Fue creado por los DJs sonideros,","breadcrumb":{"@id":"https:\/\/revillarecordsmusicgroup.com\/index.php\/2023\/03\/24\/historia-de-la-cumbia-sonidera-vol-2\/#breadcrumb"},"inLanguage":"en-US","potentialAction":[{"@type":"ReadAction","target":["https:\/\/revillarecordsmusicgroup.com\/index.php\/2023\/03\/24\/historia-de-la-cumbia-sonidera-vol-2\/"]}]},{"@type":"ImageObject","inLanguage":"en-US","@id":"https:\/\/revillarecordsmusicgroup.com\/index.php\/2023\/03\/24\/historia-de-la-cumbia-sonidera-vol-2\/#primaryimage","url":"https:\/\/revillarecordsmusicgroup.com\/wp-content\/uploads\/2023\/03\/HISTORIA-vol-02_ok.png","contentUrl":"https:\/\/revillarecordsmusicgroup.com\/wp-content\/uploads\/2023\/03\/HISTORIA-vol-02_ok.png","width":500,"height":500},{"@type":"BreadcrumbList","@id":"https:\/\/revillarecordsmusicgroup.com\/index.php\/2023\/03\/24\/historia-de-la-cumbia-sonidera-vol-2\/#breadcrumb","itemListElement":[{"@type":"ListItem","position":1,"name":"Portada","item":"https:\/\/revillarecordsmusicgroup.com\/"},{"@type":"ListItem","position":2,"name":"Historia de la Cumbia Sonidera Vol 2"}]},{"@type":"WebSite","@id":"https:\/\/revillarecordsmusicgroup.com\/#website","url":"https:\/\/revillarecordsmusicgroup.com\/","name":"Revilla Records Music Group","description":"Haciendo Cumbia desde 1985","publisher":{"@id":"https:\/\/revillarecordsmusicgroup.com\/#organization"},"potentialAction":[{"@type":"SearchAction","target":{"@type":"EntryPoint","urlTemplate":"https:\/\/revillarecordsmusicgroup.com\/?s={search_term_string}"},"query-input":"required name=search_term_string"}],"inLanguage":"en-US"},{"@type":"Organization","@id":"https:\/\/revillarecordsmusicgroup.com\/#organization","name":"Revilla Records Music Group","url":"https:\/\/revillarecordsmusicgroup.com\/","logo":{"@type":"ImageObject","inLanguage":"en-US","@id":"https:\/\/revillarecordsmusicgroup.com\/#\/schema\/logo\/image\/","url":"https:\/\/revillarecordsmusicgroup.com\/wp-content\/uploads\/2023\/03\/cropped-2-1.png","contentUrl":"https:\/\/revillarecordsmusicgroup.com\/wp-content\/uploads\/2023\/03\/cropped-2-1.png","width":500,"height":500,"caption":"Revilla Records Music Group"},"image":{"@id":"https:\/\/revillarecordsmusicgroup.com\/#\/schema\/logo\/image\/"}},{"@type":"Person","@id":"https:\/\/revillarecordsmusicgroup.com\/#\/schema\/person\/6273fcdcef74bcf1ccb4c3290d9624ed","name":"robinrevilla@gmail.com","image":{"@type":"ImageObject","inLanguage":"en-US","@id":"https:\/\/revillarecordsmusicgroup.com\/#\/schema\/person\/image\/","url":"https:\/\/secure.gravatar.com\/avatar\/410f7f29226a8f82f9f35ffab7736422?s=96&d=mm&r=g","contentUrl":"https:\/\/secure.gravatar.com\/avatar\/410f7f29226a8f82f9f35ffab7736422?s=96&d=mm&r=g","caption":"robinrevilla@gmail.com"},"sameAs":["http:\/\/revillarecordsmusicgroup.com"],"url":"https:\/\/revillarecordsmusicgroup.com\/index.php\/author\/robinrevillagmail-com\/"}]}},"_links":{"self":[{"href":"https:\/\/revillarecordsmusicgroup.com\/index.php\/wp-json\/wp\/v2\/posts\/220"}],"collection":[{"href":"https:\/\/revillarecordsmusicgroup.com\/index.php\/wp-json\/wp\/v2\/posts"}],"about":[{"href":"https:\/\/revillarecordsmusicgroup.com\/index.php\/wp-json\/wp\/v2\/types\/post"}],"author":[{"embeddable":true,"href":"https:\/\/revillarecordsmusicgroup.com\/index.php\/wp-json\/wp\/v2\/users\/1"}],"replies":[{"embeddable":true,"href":"https:\/\/revillarecordsmusicgroup.com\/index.php\/wp-json\/wp\/v2\/comments?post=220"}],"version-history":[{"count":1,"href":"https:\/\/revillarecordsmusicgroup.com\/index.php\/wp-json\/wp\/v2\/posts\/220\/revisions"}],"predecessor-version":[{"id":221,"href":"https:\/\/revillarecordsmusicgroup.com\/index.php\/wp-json\/wp\/v2\/posts\/220\/revisions\/221"}],"wp:featuredmedia":[{"embeddable":true,"href":"https:\/\/revillarecordsmusicgroup.com\/index.php\/wp-json\/wp\/v2\/media\/193"}],"wp:attachment":[{"href":"https:\/\/revillarecordsmusicgroup.com\/index.php\/wp-json\/wp\/v2\/media?parent=220"}],"wp:term":[{"taxonomy":"category","embeddable":true,"href":"https:\/\/revillarecordsmusicgroup.com\/index.php\/wp-json\/wp\/v2\/categories?post=220"},{"taxonomy":"post_tag","embeddable":true,"href":"https:\/\/revillarecordsmusicgroup.com\/index.php\/wp-json\/wp\/v2\/tags?post=220"}],"curies":[{"name":"wp","href":"https:\/\/api.w.org\/{rel}","templated":true}]}}